{"id":1757,"date":"2025-11-28T18:20:20","date_gmt":"2025-11-28T16:20:20","guid":{"rendered":"https:\/\/rotes-kreuz-germersheim.de\/?p=1757"},"modified":"2025-11-28T18:20:20","modified_gmt":"2025-11-28T16:20:20","slug":"28-11-2025-weihnachten-in-der-festung","status":"publish","type":"post","link":"https:\/\/rotes-kreuz-germersheim.de\/?p=1757","title":{"rendered":"28.11.2025 &#8211; Weihnachten in der Festung"},"content":{"rendered":"\n<p>Wie jedes Jahr ist der Ortsverein auch 2025 bei unserem Weihnachtsmarkt in der Festung dabei.<\/p>\n\n\n\n<p>Zum einen bieten wir euch an unserm Stand Getr\u00e4nke f\u00fcr gro\u00df und klein an, und ihr k\u00f6nnt unserer Arbeit mit einem Besuch an unserem Stand unterst\u00fctzen.<\/p>\n\n\n\n<p>Zus\u00e4tzlich sind wir auch im Sanit\u00e4tsdienst f\u00fcr euch im Einsatz. Wir w\u00fcnschen allen Besucher*innen einen sch\u00f6nen Tag in der adventlich geschm\u00fcckten Festung und freuen uns auf euren Besuch.<\/p>\n","protected":false},"excerpt":{"rendered":"<p>Wie jedes Jahr ist der Ortsverein auch 2025 bei unserem Weihnachtsmarkt in der Festung dabei. Zum einen bieten wir euch an unserm Stand Getr\u00e4nke f\u00fcr gro\u00df und klein an, und ihr k\u00f6nnt unserer Arbeit mit einem Besuch an unserem Stand unterst\u00fctzen. Zus\u00e4tzlich sind wir auch im Sanit\u00e4tsdienst f\u00fcr euch im Einsatz. Wir w\u00fcnschen allen Besucher*innen einen sch\u00f6nen Tag in der adventlich geschm\u00fcckten Festung und freuen uns auf euren Besuch.<\/p>\n","protected":false},"author":1,"featured_media":1758,"comment_status":"open","ping_status":"open","sticky":false,"template":"","format":"standard","meta":{"footnotes":"","_share_on_mastodon":"0","_share_on_mastodon_status":"%title% %permalink%\r\n%excerpt% \r\n#DRK #Germersheim #Ehrenamt\r\n%tags%,\r\n%category%."},"categories":[9,10],"tags":[],"class_list":["post-1757","post","type-post","status-publish","format-standard","has-post-thumbnail","hentry","category-sanitaetsdienst","category-verpflegungsdienst"],"share_on_mastodon":{"url":"","error":""},"_links":{"self":[{"href":"https:\/\/rotes-kreuz-germersheim.de\/index.php?rest_route=\/wp\/v2\/posts\/1757","targetHints":{"allow":["GET"]}}],"collection":[{"href":"https:\/\/rotes-kreuz-germersheim.de\/index.php?rest_route=\/wp\/v2\/posts"}],"about":[{"href":"https:\/\/rotes-kreuz-germersheim.de\/index.php?rest_route=\/wp\/v2\/types\/post"}],"author":[{"embeddable":true,"href":"https:\/\/rotes-kreuz-germersheim.de\/index.php?rest_route=\/wp\/v2\/users\/1"}],"replies":[{"embeddable":true,"href":"https:\/\/rotes-kreuz-germersheim.de\/index.php?rest_route=%2Fwp%2Fv2%2Fcomments&post=1757"}],"version-history":[{"count":1,"href":"https:\/\/rotes-kreuz-germersheim.de\/index.php?rest_route=\/wp\/v2\/posts\/1757\/revisions"}],"predecessor-version":[{"id":1762,"href":"https:\/\/rotes-kreuz-germersheim.de\/index.php?rest_route=\/wp\/v2\/posts\/1757\/revisions\/1762"}],"wp:featuredmedia":[{"embeddable":true,"href":"https:\/\/rotes-kreuz-germersheim.de\/index.php?rest_route=\/wp\/v2\/media\/1758"}],"wp:attachment":[{"href":"https:\/\/rotes-kreuz-germersheim.de\/index.php?rest_route=%2Fwp%2Fv2%2Fmedia&parent=1757"}],"wp:term":[{"taxonomy":"category","embeddable":true,"href":"https:\/\/rotes-kreuz-germersheim.de\/index.php?rest_route=%2Fwp%2Fv2%2Fcategories&post=1757"},{"taxonomy":"post_tag","embeddable":true,"href":"https:\/\/rotes-kreuz-germersheim.de\/index.php?rest_route=%2Fwp%2Fv2%2Ftags&post=1757"}],"curies":[{"name":"wp","href":"https:\/\/api.w.org\/{rel}","templated":true}]}}