{"id":1689,"date":"2025-05-02T15:14:44","date_gmt":"2025-05-02T13:14:44","guid":{"rendered":"https:\/\/rotes-kreuz-germersheim.de\/?p=1689"},"modified":"2025-05-02T15:26:16","modified_gmt":"2025-05-02T13:26:16","slug":"02-05-2025-ortsverein-gestaltet-freiko-des-ftsk","status":"publish","type":"post","link":"https:\/\/rotes-kreuz-germersheim.de\/?p=1689","title":{"rendered":"02.05.2025 &#8211; Ortsverein gestaltet Freiko des FTSK"},"content":{"rendered":"\n<p>Am 02.05.2025 durften wir der Einladung der Studierenden des FTSK folgen und im Rahmen der w\u00f6chentlichen Freitagskonferenz \u00fcber das Deutsche Rote Kreuz berichten.<\/p>\n\n\n\n<p>Von den Anf\u00e4ngen rund um die Schlacht von Solferino  \u00fcber die  Grunds\u00e4tze des Roten Kreuzes bis hin zum konkreten Ehrenamt in Germersheim: Wir nutzten die Gelegenheit um die Studierenden rund ums Rote Kreuz zu informieren. <\/p>\n\n\n\n<p>Wir bedanken uns f\u00fcr die besondere Gelegenheit uns zu pr\u00e4sentieren.<\/p>\n\n\n\n<p><\/p>\n","protected":false},"excerpt":{"rendered":"<p>Am 02.05.2025 durften wir der Einladung der Studierenden des FTSK folgen und im Rahmen der w\u00f6chentlichen Freitagskonferenz \u00fcber das Deutsche Rote Kreuz berichten. Von den Anf\u00e4ngen rund um die Schlacht von Solferino \u00fcber die Grunds\u00e4tze des Roten Kreuzes bis hin zum konkreten Ehrenamt in Germersheim: Wir nutzten die Gelegenheit um die Studierenden rund ums Rote Kreuz zu informieren. Wir bedanken uns f\u00fcr die besondere Gelegenheit uns zu pr\u00e4sentieren.<\/p>\n","protected":false},"author":1,"featured_media":1690,"comment_status":"open","ping_status":"open","sticky":false,"template":"","format":"standard","meta":{"footnotes":"","_share_on_mastodon":"0","_share_on_mastodon_status":"%title% %permalink%\r\n%excerpt% \r\n#DRK #Germersheim #Ehrenamt\r\n%tags%,\r\n%category%."},"categories":[23,11],"tags":[],"class_list":["post-1689","post","type-post","status-publish","format-standard","has-post-thumbnail","hentry","category-campussanitaeter","category-vereinsnachrichten"],"share_on_mastodon":{"url":"","error":""},"_links":{"self":[{"href":"https:\/\/rotes-kreuz-germersheim.de\/index.php?rest_route=\/wp\/v2\/posts\/1689","targetHints":{"allow":["GET"]}}],"collection":[{"href":"https:\/\/rotes-kreuz-germersheim.de\/index.php?rest_route=\/wp\/v2\/posts"}],"about":[{"href":"https:\/\/rotes-kreuz-germersheim.de\/index.php?rest_route=\/wp\/v2\/types\/post"}],"author":[{"embeddable":true,"href":"https:\/\/rotes-kreuz-germersheim.de\/index.php?rest_route=\/wp\/v2\/users\/1"}],"replies":[{"embeddable":true,"href":"https:\/\/rotes-kreuz-germersheim.de\/index.php?rest_route=%2Fwp%2Fv2%2Fcomments&post=1689"}],"version-history":[{"count":1,"href":"https:\/\/rotes-kreuz-germersheim.de\/index.php?rest_route=\/wp\/v2\/posts\/1689\/revisions"}],"predecessor-version":[{"id":1691,"href":"https:\/\/rotes-kreuz-germersheim.de\/index.php?rest_route=\/wp\/v2\/posts\/1689\/revisions\/1691"}],"wp:featuredmedia":[{"embeddable":true,"href":"https:\/\/rotes-kreuz-germersheim.de\/index.php?rest_route=\/wp\/v2\/media\/1690"}],"wp:attachment":[{"href":"https:\/\/rotes-kreuz-germersheim.de\/index.php?rest_route=%2Fwp%2Fv2%2Fmedia&parent=1689"}],"wp:term":[{"taxonomy":"category","embeddable":true,"href":"https:\/\/rotes-kreuz-germersheim.de\/index.php?rest_route=%2Fwp%2Fv2%2Fcategories&post=1689"},{"taxonomy":"post_tag","embeddable":true,"href":"https:\/\/rotes-kreuz-germersheim.de\/index.php?rest_route=%2Fwp%2Fv2%2Ftags&post=1689"}],"curies":[{"name":"wp","href":"https:\/\/api.w.org\/{rel}","templated":true}]}}