{"id":1609,"date":"2025-02-01T22:20:42","date_gmt":"2025-02-01T20:20:42","guid":{"rendered":"https:\/\/rotes-kreuz-germersheim.de\/?p=1609"},"modified":"2025-02-01T22:20:44","modified_gmt":"2025-02-01T20:20:44","slug":"01-02-2025-ordensfest-des-kvg-die-rhoischnooke","status":"publish","type":"post","link":"https:\/\/rotes-kreuz-germersheim.de\/?p=1609","title":{"rendered":"01.02.2025 &#8211; Ordensfest des KVG Die Rhoischnooke"},"content":{"rendered":"\n<p>Auch dieses Jahr sind wir gerne der Einladung der Rhoischnooke gefolgt und besuchten das j\u00e4hrliche Ordensfest. <\/p>\n\n\n\n<p>Allen Narren w\u00fcnsche wir eine fr\u00f6hliche und friedliche Fastnachtssaison.<\/p>\n","protected":false},"excerpt":{"rendered":"<p>Auch dieses Jahr sind wir gerne der Einladung der Rhoischnooke gefolgt und besuchten das j\u00e4hrliche Ordensfest. Allen Narren w\u00fcnsche wir eine fr\u00f6hliche und friedliche Fastnachtssaison.<\/p>\n","protected":false},"author":1,"featured_media":0,"comment_status":"open","ping_status":"open","sticky":false,"template":"","format":"standard","meta":{"footnotes":"","_share_on_mastodon":"0","_share_on_mastodon_status":"%title% %permalink%\r\n%excerpt% \r\n#DRK #Germersheim #Ehrenamt\r\n%tags%,\r\n%category%."},"categories":[1],"tags":[],"class_list":["post-1609","post","type-post","status-publish","format-standard","hentry","category-allgemein"],"share_on_mastodon":{"url":"","error":""},"_links":{"self":[{"href":"https:\/\/rotes-kreuz-germersheim.de\/index.php?rest_route=\/wp\/v2\/posts\/1609","targetHints":{"allow":["GET"]}}],"collection":[{"href":"https:\/\/rotes-kreuz-germersheim.de\/index.php?rest_route=\/wp\/v2\/posts"}],"about":[{"href":"https:\/\/rotes-kreuz-germersheim.de\/index.php?rest_route=\/wp\/v2\/types\/post"}],"author":[{"embeddable":true,"href":"https:\/\/rotes-kreuz-germersheim.de\/index.php?rest_route=\/wp\/v2\/users\/1"}],"replies":[{"embeddable":true,"href":"https:\/\/rotes-kreuz-germersheim.de\/index.php?rest_route=%2Fwp%2Fv2%2Fcomments&post=1609"}],"version-history":[{"count":1,"href":"https:\/\/rotes-kreuz-germersheim.de\/index.php?rest_route=\/wp\/v2\/posts\/1609\/revisions"}],"predecessor-version":[{"id":1613,"href":"https:\/\/rotes-kreuz-germersheim.de\/index.php?rest_route=\/wp\/v2\/posts\/1609\/revisions\/1613"}],"wp:attachment":[{"href":"https:\/\/rotes-kreuz-germersheim.de\/index.php?rest_route=%2Fwp%2Fv2%2Fmedia&parent=1609"}],"wp:term":[{"taxonomy":"category","embeddable":true,"href":"https:\/\/rotes-kreuz-germersheim.de\/index.php?rest_route=%2Fwp%2Fv2%2Fcategories&post=1609"},{"taxonomy":"post_tag","embeddable":true,"href":"https:\/\/rotes-kreuz-germersheim.de\/index.php?rest_route=%2Fwp%2Fv2%2Ftags&post=1609"}],"curies":[{"name":"wp","href":"https:\/\/api.w.org\/{rel}","templated":true}]}}