{"id":1517,"date":"2024-06-22T21:34:10","date_gmt":"2024-06-22T19:34:10","guid":{"rendered":"https:\/\/rotes-kreuz-germersheim.de\/?p=1517"},"modified":"2024-06-22T21:34:12","modified_gmt":"2024-06-22T19:34:12","slug":"22-06-2024-ortsverein-unterstuetzt-auf-dem-feuerfest","status":"publish","type":"post","link":"https:\/\/rotes-kreuz-germersheim.de\/?p=1517","title":{"rendered":"22.06.2024 &#8211; Ortsverein unterst\u00fctzt auf dem FeuerFEST"},"content":{"rendered":"\n<p>Zum Abschluss des Tages ging es f\u00fcr unsere Kameraden auf das FeuerFEST im neuen Feuerwehrhaus in Germersheim.<\/p>\n\n\n\n<p>Dort \u00fcbernahmen wir den Sanit\u00e4tsdienst zum Konzert der Band Liquid und den Festlichkeiten am Abend.<\/p>\n\n\n\n<p>Uns freut es, dass so viele B\u00fcrger der Einladung unserer Kamerad*innen der Freiwilligen Feuerwehr Germersheim gefolgt sind. Wie wir leisten sie ihren Dienst unentgeltlich und in ihrer Freizeit. Die Blaulicht-Familie steht f\u00fcr euch zusammen.<\/p>\n","protected":false},"excerpt":{"rendered":"<p>Zum Abschluss des Tages ging es f\u00fcr unsere Kameraden auf das FeuerFEST im neuen Feuerwehrhaus in Germersheim. Dort \u00fcbernahmen wir den Sanit\u00e4tsdienst zum Konzert der Band Liquid und den Festlichkeiten am Abend. Uns freut es, dass so viele B\u00fcrger der Einladung unserer Kamerad*innen der Freiwilligen Feuerwehr Germersheim gefolgt sind. Wie wir leisten sie ihren Dienst unentgeltlich und in ihrer Freizeit. Die Blaulicht-Familie steht f\u00fcr euch zusammen.<\/p>\n","protected":false},"author":1,"featured_media":1518,"comment_status":"open","ping_status":"open","sticky":false,"template":"","format":"standard","meta":{"footnotes":"","_share_on_mastodon":"0","_share_on_mastodon_status":"%title% %permalink%\r\n%excerpt% \r\n#DRK #Germersheim #Ehrenamt\r\n%tags%,\r\n%category%."},"categories":[9],"tags":[],"class_list":["post-1517","post","type-post","status-publish","format-standard","has-post-thumbnail","hentry","category-sanitaetsdienst"],"share_on_mastodon":{"url":"","error":""},"_links":{"self":[{"href":"https:\/\/rotes-kreuz-germersheim.de\/index.php?rest_route=\/wp\/v2\/posts\/1517","targetHints":{"allow":["GET"]}}],"collection":[{"href":"https:\/\/rotes-kreuz-germersheim.de\/index.php?rest_route=\/wp\/v2\/posts"}],"about":[{"href":"https:\/\/rotes-kreuz-germersheim.de\/index.php?rest_route=\/wp\/v2\/types\/post"}],"author":[{"embeddable":true,"href":"https:\/\/rotes-kreuz-germersheim.de\/index.php?rest_route=\/wp\/v2\/users\/1"}],"replies":[{"embeddable":true,"href":"https:\/\/rotes-kreuz-germersheim.de\/index.php?rest_route=%2Fwp%2Fv2%2Fcomments&post=1517"}],"version-history":[{"count":1,"href":"https:\/\/rotes-kreuz-germersheim.de\/index.php?rest_route=\/wp\/v2\/posts\/1517\/revisions"}],"predecessor-version":[{"id":1521,"href":"https:\/\/rotes-kreuz-germersheim.de\/index.php?rest_route=\/wp\/v2\/posts\/1517\/revisions\/1521"}],"wp:featuredmedia":[{"embeddable":true,"href":"https:\/\/rotes-kreuz-germersheim.de\/index.php?rest_route=\/wp\/v2\/media\/1518"}],"wp:attachment":[{"href":"https:\/\/rotes-kreuz-germersheim.de\/index.php?rest_route=%2Fwp%2Fv2%2Fmedia&parent=1517"}],"wp:term":[{"taxonomy":"category","embeddable":true,"href":"https:\/\/rotes-kreuz-germersheim.de\/index.php?rest_route=%2Fwp%2Fv2%2Fcategories&post=1517"},{"taxonomy":"post_tag","embeddable":true,"href":"https:\/\/rotes-kreuz-germersheim.de\/index.php?rest_route=%2Fwp%2Fv2%2Ftags&post=1517"}],"curies":[{"name":"wp","href":"https:\/\/api.w.org\/{rel}","templated":true}]}}