{"id":1258,"date":"2023-07-07T08:29:17","date_gmt":"2023-07-07T06:29:17","guid":{"rendered":"https:\/\/rotes-kreuz-germersheim.de\/?p=1258"},"modified":"2023-07-07T08:29:22","modified_gmt":"2023-07-07T06:29:22","slug":"07-07-2023-campussanis-und-bereitschaft-gemeinsam-auf-dem-sommerfest-aktiv","status":"publish","type":"post","link":"https:\/\/rotes-kreuz-germersheim.de\/?p=1258","title":{"rendered":"07.07.2023 &#8211; CampusSanis und Bereitschaft gemeinsam auf dem Sommerfest aktiv"},"content":{"rendered":"\n<p>Am 07.07. steht das Sommerfest der Uni in Germersheim an. Dortt sorgen unsere Helfer*innen mit einem Sanit\u00e4tsdienst f\u00fcr eure Sicherheit und mit Slusheis f\u00fcr eure Erfrischung. Schaut gerne vorbei. Um 17:00 Uhr geht es am Campus los.<\/p>\n","protected":false},"excerpt":{"rendered":"<p>Am 07.07. steht das Sommerfest der Uni in Germersheim an. Dortt sorgen unsere Helfer*innen mit einem Sanit\u00e4tsdienst f\u00fcr eure Sicherheit und mit Slusheis f\u00fcr eure Erfrischung. Schaut gerne vorbei. Um 17:00 Uhr geht es am Campus los.<\/p>\n","protected":false},"author":1,"featured_media":1259,"comment_status":"open","ping_status":"open","sticky":false,"template":"","format":"standard","meta":{"footnotes":"","_share_on_mastodon":"0","_share_on_mastodon_status":"%title% %permalink%\r\n%excerpt% \r\n#DRK #Germersheim #Ehrenamt\r\n%tags%,\r\n%category%."},"categories":[23,9,10],"tags":[],"class_list":["post-1258","post","type-post","status-publish","format-standard","has-post-thumbnail","hentry","category-campussanitaeter","category-sanitaetsdienst","category-verpflegungsdienst"],"share_on_mastodon":{"url":"","error":""},"_links":{"self":[{"href":"https:\/\/rotes-kreuz-germersheim.de\/index.php?rest_route=\/wp\/v2\/posts\/1258","targetHints":{"allow":["GET"]}}],"collection":[{"href":"https:\/\/rotes-kreuz-germersheim.de\/index.php?rest_route=\/wp\/v2\/posts"}],"about":[{"href":"https:\/\/rotes-kreuz-germersheim.de\/index.php?rest_route=\/wp\/v2\/types\/post"}],"author":[{"embeddable":true,"href":"https:\/\/rotes-kreuz-germersheim.de\/index.php?rest_route=\/wp\/v2\/users\/1"}],"replies":[{"embeddable":true,"href":"https:\/\/rotes-kreuz-germersheim.de\/index.php?rest_route=%2Fwp%2Fv2%2Fcomments&post=1258"}],"version-history":[{"count":1,"href":"https:\/\/rotes-kreuz-germersheim.de\/index.php?rest_route=\/wp\/v2\/posts\/1258\/revisions"}],"predecessor-version":[{"id":1262,"href":"https:\/\/rotes-kreuz-germersheim.de\/index.php?rest_route=\/wp\/v2\/posts\/1258\/revisions\/1262"}],"wp:featuredmedia":[{"embeddable":true,"href":"https:\/\/rotes-kreuz-germersheim.de\/index.php?rest_route=\/wp\/v2\/media\/1259"}],"wp:attachment":[{"href":"https:\/\/rotes-kreuz-germersheim.de\/index.php?rest_route=%2Fwp%2Fv2%2Fmedia&parent=1258"}],"wp:term":[{"taxonomy":"category","embeddable":true,"href":"https:\/\/rotes-kreuz-germersheim.de\/index.php?rest_route=%2Fwp%2Fv2%2Fcategories&post=1258"},{"taxonomy":"post_tag","embeddable":true,"href":"https:\/\/rotes-kreuz-germersheim.de\/index.php?rest_route=%2Fwp%2Fv2%2Ftags&post=1258"}],"curies":[{"name":"wp","href":"https:\/\/api.w.org\/{rel}","templated":true}]}}